{"id":121453,"date":"2023-07-03T12:15:11","date_gmt":"2023-07-03T10:15:11","guid":{"rendered":"https:\/\/www.fondazionecsc.it\/torna-a-roma-dal-4-al-16-luglio-2023-quo-vadis-al-cinema-nel-cuore-di-roma-rassegna-promossa-da-csc-cineteca-nazionale-e-parco-archeologico-del-colosseo\/"},"modified":"2023-07-04T12:33:09","modified_gmt":"2023-07-04T10:33:09","slug":"torna-a-roma-dal-4-al-16-luglio-2023-quo-vadis-al-cinema-nel-cuore-di-roma-rassegna-promossa-da-csc-cineteca-nazionale-e-parco-archeologico-del-colosseo","status":"publish","type":"post","link":"https:\/\/www.fondazionecsc.it\/en\/torna-a-roma-dal-4-al-16-luglio-2023-quo-vadis-al-cinema-nel-cuore-di-roma-rassegna-promossa-da-csc-cineteca-nazionale-e-parco-archeologico-del-colosseo\/","title":{"rendered":"From 4 to 16 July 2023, &#8220;QUO VADIS? Al cinema nel cuore di Roma&#8221;, an event promoted by CSC &#8211; Cineteca Nazionale and Parco Archeologico del Colosseo"},"content":{"rendered":"\n<h1 class=\"wp-block-heading\">&nbsp;<\/h1>\n\n\n\n<h6 class=\"has-text-align-center wp-block-heading\">July 4th\/16th 2023<\/h6>\n\n\n\n<h6 class=\"has-text-align-center wp-block-heading\">Roma, Tempio di Venere e Roma<\/h6>\n\n\n\n<h6 class=\"has-text-align-center wp-block-heading\">&nbsp;<a href=\"http:\/\/www.fondazionecsc.it\/\">www.fondazionecsc.it<\/a><\/h6>\n\n\n\n<h6 class=\"has-text-align-center wp-block-heading\">&nbsp;<\/h6>\n\n\n\n<h6 class=\"has-text-align-center wp-block-heading\">clic <a href=\"https:\/\/www.dropbox.com\/sh\/4aco6ri9xbeyqhg\/AAD_NjJU5CroOq61k8ohgMQ1a?dl=0\">here<\/a> for selected photos<\/h6>\n\n\n\n<h6 class=\"has-text-align-center wp-block-heading\">(more pictures available upon request)<\/h6>\n\n\n\n<p><br><br>\u201c<strong>QUO VADIS? Al cinema nel cuore di Roma<\/strong>,\u201d the film event promoted by CSC &#8211; Cineteca Nazionale and the Parco Archeologico del Colosseo is back in Rome, from July 4 to 16, 2023, at the temple of Venus and Rome.<\/p>\n\n\n\n<p><em>Magic, buried, naked, lost, submerged, sad, cruel, bitter, spirited.<\/em><\/p>\n\n\n\n<p>In over a century of cinema, and of Italian titles not always faithful to the original ones, the city has been like all of the above mentioned, and more: the place of dreams and of nightmares, of frenzy and of boredom, of success and of anonymity, of sociality and of alienation. Filmed live or reconstructed in studio sets, imagined or real, the city has often stolen the show from stories, actors, and directors: therefore, it is not a mere backdrop, but the solid form that situations and feelings, potentials and frustrations take. To celebrate this extraordinary protagonist of film history, the second run of the summer retrospective \u201cQUO VADIS? Al cinema nel centro di Roma\u201d (Where are you going? To the movies in the centre of Rome) promoted by CSC &#8211; Cineteca Nazionale and the Parco Archeologico del Colosseo is to take place in the temple of Venus and Rome like last year, offering a <em>world tour throughout films and cities<\/em>.<\/p>\n\n\n\n<p>This year\u2019s cinematic tour involves nine decades (from the 1921 <em>Manhatta<\/em> by Paul Strand and Charles Sheeler, the first avant-garde film of American cinema, to the Tokyo of Sofia Coppola\u2019s <em>Lost in Translation<\/em>, dated 2003) and four continents. The tour includes two Italian stop-overs, Federico Fellini\u2019s visionary and drifting <em>Roma<\/em>, that could not not open the event, and the Naples scarred by illegal development in Francesco Rosi\u2019s <em>Hands Over the City<\/em>. The classic capitals of film will also be visited: Paris (before Agn\u00e8s Varda\u2019s unmissable <em>Cl\u00e9o from 5 to 7<\/em>, the fearless long take in <em>Rendezvous<\/em>, sheer Claude Lelouch); New York (besides the mentioned <em>Manhatta<\/em>, Woody Allen\u2019s declaration of love for his Manhattan); Los Angeles (William Friedkin\u2019s <em>To Live and Die in L.A<\/em>., to remind us that there wouldn\u2019t be thrillers or noirs without the city); London (captured in full swinging era by Michelangelo Antonioni temporarily based in the British capital to make <em>Blow-Up<\/em>); Berlin (with the Wall breaking in the set of <em>One, Two, Three<\/em>, but not even history can sabotage a Billy Wilder comedy). Silent cinema will take the floor, accompanied by live piano music, with F.W. Murnau\u2019s <em>Sunrise<\/em>, the timeless contest between the temptations of the metropolis and the cathartic value of nature. Three gems we cherish: Edward Yang\u2019s <em>Taipei Story<\/em>, a masterpiece of Taiwanese cinema restored by The Film Foundation\u2019s World Cinema Project of Martin Scorsese; the adventurous Istanbul of Jules Dassin\u2019s <em>Topkapi<\/em>, an all-star divertissement to be rediscovered in original version; and the homage to two African masters of cinema, from Dakar (<em>Borom Sarret<\/em> on the 100<sup>th<\/sup> anniversary of Senegalese Ousmane Semb\u00e8ne) to Cairo (Egyptian Youssef Chahine\u2019s <em>Cairo Station<\/em>). Last stop in <em>Mariupolis<\/em>, to commemorate Mantas Kvedaravi\u010dius, killed in 2022 in the titular town, one of the Ukrainian cities ravaged by the current war.<\/p>\n\n\n\n<p><br><strong>Marta Donzelli:<\/strong> <em>Owing to the increasingly productive collaboration with the Archaeological Park of the Colosseum, for the second year we have had the unique opportunity to organize a summer retrospective in an open-air venue, that is, one of the most amazing settings in the world that seems to represent the relationship between time and space like none other, stimulating memory and imagination at once.<\/em> <em>A fine thread has always connected film and architecture. The cinema experience has necessarily to do with space, and therefore, most of the time, with the buildings and structures that occupy it. However, cinema does not merely film space, depicting it through a particular gaze and its specific techniques, from lighting to sound, to editing; it actually creates a new space, which is both real and imaginary.<\/em> <em>To promote film culture and to remind the viewers of how unique the collective experience of watching films on a big screen is are the core objectives of the Fondazione Centro Sperimentale di Cinematografia. In this sense, it wouldn\u2019t be easy to imagine a better opportunity than \u201cQUO VADIS? Al Cinema nel cuore di Roma\u201d \u2013 going to the movies in the heart of Rome. This year\u2019s theme will make the audience travel in every sense: in time, in space, and throughout film history. Every evening, a city and a film to discover ever new and different worlds, the masters of cinema, various national film industries, and different approaches to tell the stories of cities, of the city: from Fellini\u2019s Rome to Antonioni\u2019s London, from Sofia Coppola\u2019s Tokyo to Agn\u00e8s Varda\u2019s Paris, including the Mariupol of Mantas Kvedaravi\u010dius, who captured many moments that preceded the current, cruel war, along with many others. We also wanted to include in our journey a silent city, thus proposing a masterpiece of silent film: Murnau\u2019s Sunrise, focused on the never resolved conflict between city and countryside, nature and cityscape.<\/em> <em>Real cities, invented cities, familiar cities to be discovered from a new angle, unknown cities to uncover altogether \u2013 complex organisms interwoven with as many big or tiny, always deeply human stories<\/em>. <br>(<strong>Marta Donzelli<em>, <\/em>PresidentFondazione Centro Sperimentale di Cinematografia<\/strong>).<\/p>\n\n\n\n<p>Alfonsina Russo: <em>Following the extraordinary 2022 launch, this year the positive synergy that connects CSC &#8211; National Film Archive and the Archaeological Park of the Colosseum has allowed to organize a second important film retrospective in Rome at the Tempe of Venus, one of the most significant monuments in the heart of the Eternal City. There is a common thread running throughout the retrospective titles, i.e., the city, with its stories, its memories, its sorrows, and its hopes.<\/em> <em>Telling the stories of world cities through the immediate language of film in this extraordinary venue is a way to reconnect the deep, indissoluble bond of the Colosseum, the Roman Forum, the Palatine Hill, and the Domus Aurea (that is to say, the monuments entrusted to the Archaeological Park of the Colosseum) with their city and community. Perhaps not coincidentally, the Forma Urbis, the oldest image of ancient Rome, made in marble under the Emperor Septimius Severus between the late 2<sup>nd<\/sup> century and the early 3<sup>rd<\/sup> century CE, was originally placed in the nearby Temple of Peace.<\/em> <em>The memory of the city of Rome was and is in these places, witnesses of a distant history that are no longer silent. It is a memory that does not intend to be just a memento, but to contribute to the rediscovery of a shared identity that is capable of proposing models of urban regeneration with culture at their centre, beginning with contemporary creativity.<\/em> <em>To educate to memory is one of the priority objectives that the activities of the Archaeological Park of the Colosseum share with those of CSC &#8211; Cineteca Nazionale. Precisely the language of images is an incredibly powerful communication tool, giving access to an extremely diverse audience such as the millions of travellers from all over the world who visit the monuments of Rome. For this reason, the Archaeological Park of the Colosseum deems film storytelling the most effective \u2018model storytelling\u2019 for all its initiatives.<\/em> <em>With this retrospective \u2013 that includes a proper tribute to the apparently endless tragedy of the war in Ukraine, lest we forget \u2013 Rome creates an emotional dialogue with the cities of the world, a dialogue that the Archaeological Park of the Colosseum and CSC &#8211; National Film Archive will try to strengthen with more shared initiatives over the course of time <\/em>.<br>(<strong>Alfonsina RussoArchaeological Park of the Colosseum Director<\/strong>).<br><\/p>\n\n\n\n<h6 class=\"wp-block-heading\"><strong>THE PROGRAM<\/strong><\/h6>\n\n\n\n<h6 class=\"wp-block-heading\"><br>All films are in original version with Italian subtitles<br>(or English subtitles for films in Italian)<\/h6>\n\n\n\n<h6 class=\"wp-block-heading\">&nbsp;<\/h6>\n\n\n\n<h6 class=\"wp-block-heading\"><strong>Tuesday July 6<sup>th<\/sup><\/strong> &#8211; ROMA<br><strong>Roma<\/strong> &#8211; Federico Fellini, 1972, 119\u2019<\/h6>\n\n\n\n<p><br><strong>Wednesday July 5<sup>th<\/sup> &#8211; NEW YORK<\/strong><br><strong>Manhatta<\/strong> &#8211; Paul Strand e Charles Sheeler, 1921, 10\u2019<br><strong>Manhattan<\/strong> &#8211; Woody Allen, 1979, 97\u2019&nbsp;<\/p>\n\n\n\n<p><strong>Thursday July 6t<sup>th<\/sup> &#8211; TAIPEI<\/strong><br><strong>Taipei Story<\/strong> &#8211; Edward Yang, 1985, 119\u2019<\/p>\n\n\n\n<p><strong>Friday July 7<sup>th<\/sup> &#8211; BERLIN&nbsp;<\/strong><br><strong>Uno, due, tre! (One, Two, Three)<\/strong> &#8211; Billy Wilder, 1961, 110\u2019<\/p>\n\n\n\n<p><strong>Saturday July 8<sup>th<\/sup> &#8211; TOKYO<\/strong><br><strong>Lost in Translation<\/strong> &#8211; Sofia Coppola, 2003, 104\u2019<\/p>\n\n\n\n<p><strong>Sunday July 9t<sup>th<\/sup> &#8211; ISTANBUL<\/strong><br><strong>Topkapi<\/strong> &#8211; Jules Dassin, 1964, 120\u2019<\/p>\n\n\n\n<p><strong>Monday July 10<sup>th<\/sup> &#8211; NAPLES<\/strong><br><strong>Le mani sulla citt\u00e0<\/strong> &#8211; Francesco Rosi, 1963, 107\u2019<\/p>\n\n\n\n<p><strong>Tuesday July 11<sup>th<\/sup> &#8211; SILENT CITY<\/strong><br><strong>Aurora (Sunrise: A Song of Two Humans)<\/strong> &#8211; Friedrich Wilhelm Murnau, 1927, 94\u2019<br>Accompagnamento musicale dal vivo del M\u00b0 Antonio Coppola<\/p>\n\n\n\n<p><strong>Wednesday July 12<sup>th<\/sup> &#8211; DAKAR\/IL CAIRO<\/strong><br><strong>Borom Sarret<\/strong> &#8211; Ousmane Semb\u00e8ne, 1963, 22\u2019<br><strong>Cairo Station<\/strong> (B\u0101b al-Had\u012bd) &#8211; Youssef Chahine, 1958, 74\u2019<\/p>\n\n\n\n<p><strong>Thursday July 13<sup>th<\/sup> &#8211; MARIUPOL&nbsp;<\/strong><br><strong>Mariupolis <\/strong>&#8211; Mantas Kvedaravi\u010dius, 2016, 96\u2019&nbsp;<\/p>\n\n\n\n<p><strong>Friday July 14<sup>th<\/sup> &#8211; PARIS<\/strong><br><strong>C\u2019\u00e9tait un rendez-vous<\/strong> &#8211; Claude Lelouch, 1976, 9\u2019<br><strong>Cl\u00e9o dalle 5 alle 7 (Cl\u00e9o de 5 \u00e0 7)<\/strong> &#8211; Agn\u00e8s Varda, 1962, 90\u2019 &nbsp;<\/p>\n\n\n\n<p><strong>Saturday July 15<sup>th<\/sup> &#8211; LOS ANGELES&nbsp;<\/strong><br><strong>Vivere e morire a Los Angeles (To Live and Die in L.A.)<\/strong> &#8211; William Friedkin, 1985, 116\u2019<\/p>\n\n\n\n<p><strong>Sunday July 16<sup> th<\/sup> &#8211; LONDON<\/strong><br><strong>Blow-up <\/strong>&#8211; Michelangelo Antonioni, 1966, 112\u2019<\/p>\n\n\n\n<p>***<\/p>\n\n\n\n<h6 class=\"wp-block-heading\"><strong>QUO VADIS? Al cinema nel cuore di Roma<\/strong><\/h6>\n\n\n\n<p><strong>Roma, 4-16 July 2023<\/strong><br><strong>Tempio di Venere e Roma<\/strong><br>Free admission, subject to availability of seats<br>Booking recommended on eventbrite.it<br>Access from Piazza del Colosseo, from<strong> 8.30 pm<\/strong><br>The films will be introduced by experts in ancient history and in cinema at<strong> 9.00 pm<\/strong><br>All screenings will start at <strong>9.30 pm<\/strong><br>All films are in original version with Italian subtitles<br>(or English subtitles for films in Italian)<\/p>\n\n\n\n<p>For information:<br><a href=\"http:\/\/www.fondazionecsc.it\">www.fondazionecsc.it<\/a> <br>Instagram: <a href=\"https:\/\/www.instagram.com\/csc_cinetecanazionale\/\">csc_cinetecanazionale <\/a><br>Facebook: <a href=\"https:\/\/www.facebook.com\/csc.cinetecanazionale\">CSCcinetecanazionale<\/a><\/p>\n\n\n\n<p><a href=\"https:\/\/parcocolosseo.it\/evento\/quo-vadis\">https:\/\/parcocolosseo.it\/evento\/quo-vadis<\/a> <br>Instagram: <a href=\"https:\/\/www.instagram.com\/parcocolosseo\/\">parcocolosseo<\/a><br>Facebook: <a href=\"https:\/\/www.facebook.com\/parcocolosseo\">Parco archeologico del Colosseo<\/a><\/p>\n","protected":false},"excerpt":{"rendered":"<p>&nbsp; July 4th\/16th 2023 Roma, Tempio di Venere e Roma &nbsp;www.fondazionecsc.it &nbsp; clic here for selected photos (more pictures available upon request) \u201cQUO VADIS? Al cinema nel cuore di Roma,\u201d the film event promoted by CSC &#8211; Cineteca Nazionale and the Parco Archeologico del Colosseo is back in Rome, from July 4 to 16, 2023,<\/p>\n","protected":false},"author":14,"featured_media":121393,"comment_status":"open","ping_status":"closed","sticky":false,"template":"","format":"standard","meta":{"_acf_changed":false,"footnotes":""},"categories":[145],"tags":[],"class_list":["post-121453","post","type-post","status-publish","format-standard","has-post-thumbnail","hentry","category-cineteca-nazionale-en"],"acf":[],"yoast_head":"<!-- This site is optimized with the Yoast SEO plugin v27.5 - https:\/\/yoast.com\/product\/yoast-seo-wordpress\/ -->\n<title>From 4 to 16 July 2023, &quot;QUO VADIS? Al cinema nel cuore di Roma&quot;, an event promoted by CSC - Cineteca Nazionale and Parco Archeologico del Colosseo - Centro Sperimentale di Cinematografia<\/title>\n<meta name=\"description\" content=\"&nbsp; July 4th\/16th 2023 Roma, Tempio di Venere e Roma &nbsp;www.fondazionecsc.it &nbsp; clic here for selected photos (more pictures available upon\" \/>\n<meta name=\"robots\" content=\"index, follow, max-snippet:-1, max-image-preview:large, max-video-preview:-1\" \/>\n<link rel=\"canonical\" href=\"https:\/\/www.fondazionecsc.it\/en\/torna-a-roma-dal-4-al-16-luglio-2023-quo-vadis-al-cinema-nel-cuore-di-roma-rassegna-promossa-da-csc-cineteca-nazionale-e-parco-archeologico-del-colosseo\/\" \/>\n<meta property=\"og:locale\" content=\"en_US\" \/>\n<meta property=\"og:type\" content=\"article\" \/>\n<meta property=\"og:title\" content=\"From 4 to 16 July 2023, &quot;QUO VADIS? Al cinema nel cuore di Roma&quot;, an event promoted by CSC - Cineteca Nazionale and Parco Archeologico del Colosseo - Centro Sperimentale di Cinematografia\" \/>\n<meta property=\"og:description\" content=\"&nbsp; July 4th\/16th 2023 Roma, Tempio di Venere e Roma &nbsp;www.fondazionecsc.it &nbsp; clic here for selected photos (more pictures available upon\" \/>\n<meta property=\"og:url\" content=\"https:\/\/www.fondazionecsc.it\/en\/torna-a-roma-dal-4-al-16-luglio-2023-quo-vadis-al-cinema-nel-cuore-di-roma-rassegna-promossa-da-csc-cineteca-nazionale-e-parco-archeologico-del-colosseo\/\" \/>\n<meta property=\"og:site_name\" content=\"Centro Sperimentale di Cinematografia\" \/>\n<meta property=\"article:published_time\" content=\"2023-07-03T10:15:11+00:00\" \/>\n<meta property=\"article:modified_time\" content=\"2023-07-04T10:33:09+00:00\" \/>\n<meta property=\"og:image\" content=\"https:\/\/www.fondazionecsc.it\/wp-content\/uploads\/2023\/07\/lorena.jpg\" \/>\n\t<meta property=\"og:image:width\" content=\"1804\" \/>\n\t<meta property=\"og:image:height\" content=\"1080\" \/>\n\t<meta property=\"og:image:type\" content=\"image\/jpeg\" \/>\n<meta name=\"author\" content=\"Silvia Tarquini\" \/>\n<meta name=\"twitter:card\" content=\"summary_large_image\" \/>\n<meta name=\"twitter:label1\" content=\"Written by\" \/>\n\t<meta name=\"twitter:data1\" content=\"Silvia Tarquini\" \/>\n\t<meta name=\"twitter:label2\" content=\"Est. reading time\" \/>\n\t<meta name=\"twitter:data2\" content=\"9 minutes\" \/>\n<script type=\"application\/ld+json\" class=\"yoast-schema-graph\">{\"@context\":\"https:\\\/\\\/schema.org\",\"@graph\":[{\"@type\":\"Article\",\"@id\":\"https:\\\/\\\/www.fondazionecsc.it\\\/en\\\/torna-a-roma-dal-4-al-16-luglio-2023-quo-vadis-al-cinema-nel-cuore-di-roma-rassegna-promossa-da-csc-cineteca-nazionale-e-parco-archeologico-del-colosseo\\\/#article\",\"isPartOf\":{\"@id\":\"https:\\\/\\\/www.fondazionecsc.it\\\/en\\\/torna-a-roma-dal-4-al-16-luglio-2023-quo-vadis-al-cinema-nel-cuore-di-roma-rassegna-promossa-da-csc-cineteca-nazionale-e-parco-archeologico-del-colosseo\\\/\"},\"author\":{\"name\":\"Silvia Tarquini\",\"@id\":\"https:\\\/\\\/www.fondazionecsc.it\\\/en\\\/#\\\/schema\\\/person\\\/8fe7b8146a49b1cdb8b8c29ca168ceaa\"},\"headline\":\"From 4 to 16 July 2023, &#8220;QUO VADIS? Al cinema nel cuore di Roma&#8221;, an event promoted by CSC &#8211; Cineteca Nazionale and Parco Archeologico del Colosseo\",\"datePublished\":\"2023-07-03T10:15:11+00:00\",\"dateModified\":\"2023-07-04T10:33:09+00:00\",\"mainEntityOfPage\":{\"@id\":\"https:\\\/\\\/www.fondazionecsc.it\\\/en\\\/torna-a-roma-dal-4-al-16-luglio-2023-quo-vadis-al-cinema-nel-cuore-di-roma-rassegna-promossa-da-csc-cineteca-nazionale-e-parco-archeologico-del-colosseo\\\/\"},\"wordCount\":1631,\"commentCount\":0,\"image\":{\"@id\":\"https:\\\/\\\/www.fondazionecsc.it\\\/en\\\/torna-a-roma-dal-4-al-16-luglio-2023-quo-vadis-al-cinema-nel-cuore-di-roma-rassegna-promossa-da-csc-cineteca-nazionale-e-parco-archeologico-del-colosseo\\\/#primaryimage\"},\"thumbnailUrl\":\"https:\\\/\\\/www.fondazionecsc.it\\\/wp-content\\\/uploads\\\/2023\\\/07\\\/lorena.jpg\",\"articleSection\":[\"Cineteca Nazionale\"],\"inLanguage\":\"en-US\",\"potentialAction\":[{\"@type\":\"CommentAction\",\"name\":\"Comment\",\"target\":[\"https:\\\/\\\/www.fondazionecsc.it\\\/en\\\/torna-a-roma-dal-4-al-16-luglio-2023-quo-vadis-al-cinema-nel-cuore-di-roma-rassegna-promossa-da-csc-cineteca-nazionale-e-parco-archeologico-del-colosseo\\\/#respond\"]}]},{\"@type\":\"WebPage\",\"@id\":\"https:\\\/\\\/www.fondazionecsc.it\\\/en\\\/torna-a-roma-dal-4-al-16-luglio-2023-quo-vadis-al-cinema-nel-cuore-di-roma-rassegna-promossa-da-csc-cineteca-nazionale-e-parco-archeologico-del-colosseo\\\/\",\"url\":\"https:\\\/\\\/www.fondazionecsc.it\\\/en\\\/torna-a-roma-dal-4-al-16-luglio-2023-quo-vadis-al-cinema-nel-cuore-di-roma-rassegna-promossa-da-csc-cineteca-nazionale-e-parco-archeologico-del-colosseo\\\/\",\"name\":\"From 4 to 16 July 2023, \\\"QUO VADIS? Al cinema nel cuore di Roma\\\", an event promoted by CSC - Cineteca Nazionale and Parco Archeologico del Colosseo - Centro Sperimentale di Cinematografia\",\"isPartOf\":{\"@id\":\"https:\\\/\\\/www.fondazionecsc.it\\\/en\\\/#website\"},\"primaryImageOfPage\":{\"@id\":\"https:\\\/\\\/www.fondazionecsc.it\\\/en\\\/torna-a-roma-dal-4-al-16-luglio-2023-quo-vadis-al-cinema-nel-cuore-di-roma-rassegna-promossa-da-csc-cineteca-nazionale-e-parco-archeologico-del-colosseo\\\/#primaryimage\"},\"image\":{\"@id\":\"https:\\\/\\\/www.fondazionecsc.it\\\/en\\\/torna-a-roma-dal-4-al-16-luglio-2023-quo-vadis-al-cinema-nel-cuore-di-roma-rassegna-promossa-da-csc-cineteca-nazionale-e-parco-archeologico-del-colosseo\\\/#primaryimage\"},\"thumbnailUrl\":\"https:\\\/\\\/www.fondazionecsc.it\\\/wp-content\\\/uploads\\\/2023\\\/07\\\/lorena.jpg\",\"datePublished\":\"2023-07-03T10:15:11+00:00\",\"dateModified\":\"2023-07-04T10:33:09+00:00\",\"author\":{\"@id\":\"https:\\\/\\\/www.fondazionecsc.it\\\/en\\\/#\\\/schema\\\/person\\\/8fe7b8146a49b1cdb8b8c29ca168ceaa\"},\"description\":\"&nbsp; July 4th\\\/16th 2023 Roma, Tempio di Venere e Roma &nbsp;www.fondazionecsc.it &nbsp; clic here for selected photos (more pictures available upon\",\"breadcrumb\":{\"@id\":\"https:\\\/\\\/www.fondazionecsc.it\\\/en\\\/torna-a-roma-dal-4-al-16-luglio-2023-quo-vadis-al-cinema-nel-cuore-di-roma-rassegna-promossa-da-csc-cineteca-nazionale-e-parco-archeologico-del-colosseo\\\/#breadcrumb\"},\"inLanguage\":\"en-US\",\"potentialAction\":[{\"@type\":\"ReadAction\",\"target\":[\"https:\\\/\\\/www.fondazionecsc.it\\\/en\\\/torna-a-roma-dal-4-al-16-luglio-2023-quo-vadis-al-cinema-nel-cuore-di-roma-rassegna-promossa-da-csc-cineteca-nazionale-e-parco-archeologico-del-colosseo\\\/\"]}]},{\"@type\":\"ImageObject\",\"inLanguage\":\"en-US\",\"@id\":\"https:\\\/\\\/www.fondazionecsc.it\\\/en\\\/torna-a-roma-dal-4-al-16-luglio-2023-quo-vadis-al-cinema-nel-cuore-di-roma-rassegna-promossa-da-csc-cineteca-nazionale-e-parco-archeologico-del-colosseo\\\/#primaryimage\",\"url\":\"https:\\\/\\\/www.fondazionecsc.it\\\/wp-content\\\/uploads\\\/2023\\\/07\\\/lorena.jpg\",\"contentUrl\":\"https:\\\/\\\/www.fondazionecsc.it\\\/wp-content\\\/uploads\\\/2023\\\/07\\\/lorena.jpg\",\"width\":1804,\"height\":1080,\"caption\":\"Quo Vadis? 2023\"},{\"@type\":\"BreadcrumbList\",\"@id\":\"https:\\\/\\\/www.fondazionecsc.it\\\/en\\\/torna-a-roma-dal-4-al-16-luglio-2023-quo-vadis-al-cinema-nel-cuore-di-roma-rassegna-promossa-da-csc-cineteca-nazionale-e-parco-archeologico-del-colosseo\\\/#breadcrumb\",\"itemListElement\":[{\"@type\":\"ListItem\",\"position\":1,\"name\":\"Home\",\"item\":\"https:\\\/\\\/www.fondazionecsc.it\\\/en\\\/\"},{\"@type\":\"ListItem\",\"position\":2,\"name\":\"From 4 to 16 July 2023, &#8220;QUO VADIS? Al cinema nel cuore di Roma&#8221;, an event promoted by CSC &#8211; Cineteca Nazionale and Parco Archeologico del Colosseo\"}]},{\"@type\":\"WebSite\",\"@id\":\"https:\\\/\\\/www.fondazionecsc.it\\\/en\\\/#website\",\"url\":\"https:\\\/\\\/www.fondazionecsc.it\\\/en\\\/\",\"name\":\"Centro Sperimentale di Cinematografia\",\"description\":\"\",\"potentialAction\":[{\"@type\":\"SearchAction\",\"target\":{\"@type\":\"EntryPoint\",\"urlTemplate\":\"https:\\\/\\\/www.fondazionecsc.it\\\/en\\\/?s={search_term_string}\"},\"query-input\":{\"@type\":\"PropertyValueSpecification\",\"valueRequired\":true,\"valueName\":\"search_term_string\"}}],\"inLanguage\":\"en-US\"},{\"@type\":\"Person\",\"@id\":\"https:\\\/\\\/www.fondazionecsc.it\\\/en\\\/#\\\/schema\\\/person\\\/8fe7b8146a49b1cdb8b8c29ca168ceaa\",\"name\":\"Silvia Tarquini\",\"image\":{\"@type\":\"ImageObject\",\"inLanguage\":\"en-US\",\"@id\":\"https:\\\/\\\/secure.gravatar.com\\\/avatar\\\/af40d1d38393d4db5f24334bb20b3ed2014440d4410ac01eb881d95fd6d6a0db?s=96&d=mm&r=g\",\"url\":\"https:\\\/\\\/secure.gravatar.com\\\/avatar\\\/af40d1d38393d4db5f24334bb20b3ed2014440d4410ac01eb881d95fd6d6a0db?s=96&d=mm&r=g\",\"contentUrl\":\"https:\\\/\\\/secure.gravatar.com\\\/avatar\\\/af40d1d38393d4db5f24334bb20b3ed2014440d4410ac01eb881d95fd6d6a0db?s=96&d=mm&r=g\",\"caption\":\"Silvia Tarquini\"}}]}<\/script>\n<!-- \/ Yoast SEO plugin. -->","yoast_head_json":{"title":"From 4 to 16 July 2023, \"QUO VADIS? Al cinema nel cuore di Roma\", an event promoted by CSC - Cineteca Nazionale and Parco Archeologico del Colosseo - Centro Sperimentale di Cinematografia","description":"&nbsp; July 4th\/16th 2023 Roma, Tempio di Venere e Roma &nbsp;www.fondazionecsc.it &nbsp; clic here for selected photos (more pictures available upon","robots":{"index":"index","follow":"follow","max-snippet":"max-snippet:-1","max-image-preview":"max-image-preview:large","max-video-preview":"max-video-preview:-1"},"canonical":"https:\/\/www.fondazionecsc.it\/en\/torna-a-roma-dal-4-al-16-luglio-2023-quo-vadis-al-cinema-nel-cuore-di-roma-rassegna-promossa-da-csc-cineteca-nazionale-e-parco-archeologico-del-colosseo\/","og_locale":"en_US","og_type":"article","og_title":"From 4 to 16 July 2023, \"QUO VADIS? Al cinema nel cuore di Roma\", an event promoted by CSC - Cineteca Nazionale and Parco Archeologico del Colosseo - Centro Sperimentale di Cinematografia","og_description":"&nbsp; July 4th\/16th 2023 Roma, Tempio di Venere e Roma &nbsp;www.fondazionecsc.it &nbsp; clic here for selected photos (more pictures available upon","og_url":"https:\/\/www.fondazionecsc.it\/en\/torna-a-roma-dal-4-al-16-luglio-2023-quo-vadis-al-cinema-nel-cuore-di-roma-rassegna-promossa-da-csc-cineteca-nazionale-e-parco-archeologico-del-colosseo\/","og_site_name":"Centro Sperimentale di Cinematografia","article_published_time":"2023-07-03T10:15:11+00:00","article_modified_time":"2023-07-04T10:33:09+00:00","og_image":[{"width":1804,"height":1080,"url":"https:\/\/www.fondazionecsc.it\/wp-content\/uploads\/2023\/07\/lorena.jpg","type":"image\/jpeg"}],"author":"Silvia Tarquini","twitter_card":"summary_large_image","twitter_misc":{"Written by":"Silvia Tarquini","Est. reading time":"9 minutes"},"schema":{"@context":"https:\/\/schema.org","@graph":[{"@type":"Article","@id":"https:\/\/www.fondazionecsc.it\/en\/torna-a-roma-dal-4-al-16-luglio-2023-quo-vadis-al-cinema-nel-cuore-di-roma-rassegna-promossa-da-csc-cineteca-nazionale-e-parco-archeologico-del-colosseo\/#article","isPartOf":{"@id":"https:\/\/www.fondazionecsc.it\/en\/torna-a-roma-dal-4-al-16-luglio-2023-quo-vadis-al-cinema-nel-cuore-di-roma-rassegna-promossa-da-csc-cineteca-nazionale-e-parco-archeologico-del-colosseo\/"},"author":{"name":"Silvia Tarquini","@id":"https:\/\/www.fondazionecsc.it\/en\/#\/schema\/person\/8fe7b8146a49b1cdb8b8c29ca168ceaa"},"headline":"From 4 to 16 July 2023, &#8220;QUO VADIS? Al cinema nel cuore di Roma&#8221;, an event promoted by CSC &#8211; Cineteca Nazionale and Parco Archeologico del Colosseo","datePublished":"2023-07-03T10:15:11+00:00","dateModified":"2023-07-04T10:33:09+00:00","mainEntityOfPage":{"@id":"https:\/\/www.fondazionecsc.it\/en\/torna-a-roma-dal-4-al-16-luglio-2023-quo-vadis-al-cinema-nel-cuore-di-roma-rassegna-promossa-da-csc-cineteca-nazionale-e-parco-archeologico-del-colosseo\/"},"wordCount":1631,"commentCount":0,"image":{"@id":"https:\/\/www.fondazionecsc.it\/en\/torna-a-roma-dal-4-al-16-luglio-2023-quo-vadis-al-cinema-nel-cuore-di-roma-rassegna-promossa-da-csc-cineteca-nazionale-e-parco-archeologico-del-colosseo\/#primaryimage"},"thumbnailUrl":"https:\/\/www.fondazionecsc.it\/wp-content\/uploads\/2023\/07\/lorena.jpg","articleSection":["Cineteca Nazionale"],"inLanguage":"en-US","potentialAction":[{"@type":"CommentAction","name":"Comment","target":["https:\/\/www.fondazionecsc.it\/en\/torna-a-roma-dal-4-al-16-luglio-2023-quo-vadis-al-cinema-nel-cuore-di-roma-rassegna-promossa-da-csc-cineteca-nazionale-e-parco-archeologico-del-colosseo\/#respond"]}]},{"@type":"WebPage","@id":"https:\/\/www.fondazionecsc.it\/en\/torna-a-roma-dal-4-al-16-luglio-2023-quo-vadis-al-cinema-nel-cuore-di-roma-rassegna-promossa-da-csc-cineteca-nazionale-e-parco-archeologico-del-colosseo\/","url":"https:\/\/www.fondazionecsc.it\/en\/torna-a-roma-dal-4-al-16-luglio-2023-quo-vadis-al-cinema-nel-cuore-di-roma-rassegna-promossa-da-csc-cineteca-nazionale-e-parco-archeologico-del-colosseo\/","name":"From 4 to 16 July 2023, \"QUO VADIS? Al cinema nel cuore di Roma\", an event promoted by CSC - Cineteca Nazionale and Parco Archeologico del Colosseo - Centro Sperimentale di Cinematografia","isPartOf":{"@id":"https:\/\/www.fondazionecsc.it\/en\/#website"},"primaryImageOfPage":{"@id":"https:\/\/www.fondazionecsc.it\/en\/torna-a-roma-dal-4-al-16-luglio-2023-quo-vadis-al-cinema-nel-cuore-di-roma-rassegna-promossa-da-csc-cineteca-nazionale-e-parco-archeologico-del-colosseo\/#primaryimage"},"image":{"@id":"https:\/\/www.fondazionecsc.it\/en\/torna-a-roma-dal-4-al-16-luglio-2023-quo-vadis-al-cinema-nel-cuore-di-roma-rassegna-promossa-da-csc-cineteca-nazionale-e-parco-archeologico-del-colosseo\/#primaryimage"},"thumbnailUrl":"https:\/\/www.fondazionecsc.it\/wp-content\/uploads\/2023\/07\/lorena.jpg","datePublished":"2023-07-03T10:15:11+00:00","dateModified":"2023-07-04T10:33:09+00:00","author":{"@id":"https:\/\/www.fondazionecsc.it\/en\/#\/schema\/person\/8fe7b8146a49b1cdb8b8c29ca168ceaa"},"description":"&nbsp; July 4th\/16th 2023 Roma, Tempio di Venere e Roma &nbsp;www.fondazionecsc.it &nbsp; clic here for selected photos (more pictures available upon","breadcrumb":{"@id":"https:\/\/www.fondazionecsc.it\/en\/torna-a-roma-dal-4-al-16-luglio-2023-quo-vadis-al-cinema-nel-cuore-di-roma-rassegna-promossa-da-csc-cineteca-nazionale-e-parco-archeologico-del-colosseo\/#breadcrumb"},"inLanguage":"en-US","potentialAction":[{"@type":"ReadAction","target":["https:\/\/www.fondazionecsc.it\/en\/torna-a-roma-dal-4-al-16-luglio-2023-quo-vadis-al-cinema-nel-cuore-di-roma-rassegna-promossa-da-csc-cineteca-nazionale-e-parco-archeologico-del-colosseo\/"]}]},{"@type":"ImageObject","inLanguage":"en-US","@id":"https:\/\/www.fondazionecsc.it\/en\/torna-a-roma-dal-4-al-16-luglio-2023-quo-vadis-al-cinema-nel-cuore-di-roma-rassegna-promossa-da-csc-cineteca-nazionale-e-parco-archeologico-del-colosseo\/#primaryimage","url":"https:\/\/www.fondazionecsc.it\/wp-content\/uploads\/2023\/07\/lorena.jpg","contentUrl":"https:\/\/www.fondazionecsc.it\/wp-content\/uploads\/2023\/07\/lorena.jpg","width":1804,"height":1080,"caption":"Quo Vadis? 2023"},{"@type":"BreadcrumbList","@id":"https:\/\/www.fondazionecsc.it\/en\/torna-a-roma-dal-4-al-16-luglio-2023-quo-vadis-al-cinema-nel-cuore-di-roma-rassegna-promossa-da-csc-cineteca-nazionale-e-parco-archeologico-del-colosseo\/#breadcrumb","itemListElement":[{"@type":"ListItem","position":1,"name":"Home","item":"https:\/\/www.fondazionecsc.it\/en\/"},{"@type":"ListItem","position":2,"name":"From 4 to 16 July 2023, &#8220;QUO VADIS? Al cinema nel cuore di Roma&#8221;, an event promoted by CSC &#8211; Cineteca Nazionale and Parco Archeologico del Colosseo"}]},{"@type":"WebSite","@id":"https:\/\/www.fondazionecsc.it\/en\/#website","url":"https:\/\/www.fondazionecsc.it\/en\/","name":"Centro Sperimentale di Cinematografia","description":"","potentialAction":[{"@type":"SearchAction","target":{"@type":"EntryPoint","urlTemplate":"https:\/\/www.fondazionecsc.it\/en\/?s={search_term_string}"},"query-input":{"@type":"PropertyValueSpecification","valueRequired":true,"valueName":"search_term_string"}}],"inLanguage":"en-US"},{"@type":"Person","@id":"https:\/\/www.fondazionecsc.it\/en\/#\/schema\/person\/8fe7b8146a49b1cdb8b8c29ca168ceaa","name":"Silvia Tarquini","image":{"@type":"ImageObject","inLanguage":"en-US","@id":"https:\/\/secure.gravatar.com\/avatar\/af40d1d38393d4db5f24334bb20b3ed2014440d4410ac01eb881d95fd6d6a0db?s=96&d=mm&r=g","url":"https:\/\/secure.gravatar.com\/avatar\/af40d1d38393d4db5f24334bb20b3ed2014440d4410ac01eb881d95fd6d6a0db?s=96&d=mm&r=g","contentUrl":"https:\/\/secure.gravatar.com\/avatar\/af40d1d38393d4db5f24334bb20b3ed2014440d4410ac01eb881d95fd6d6a0db?s=96&d=mm&r=g","caption":"Silvia Tarquini"}}]}},"_links":{"self":[{"href":"https:\/\/www.fondazionecsc.it\/en\/wp-json\/wp\/v2\/posts\/121453","targetHints":{"allow":["GET"]}}],"collection":[{"href":"https:\/\/www.fondazionecsc.it\/en\/wp-json\/wp\/v2\/posts"}],"about":[{"href":"https:\/\/www.fondazionecsc.it\/en\/wp-json\/wp\/v2\/types\/post"}],"author":[{"embeddable":true,"href":"https:\/\/www.fondazionecsc.it\/en\/wp-json\/wp\/v2\/users\/14"}],"replies":[{"embeddable":true,"href":"https:\/\/www.fondazionecsc.it\/en\/wp-json\/wp\/v2\/comments?post=121453"}],"version-history":[{"count":4,"href":"https:\/\/www.fondazionecsc.it\/en\/wp-json\/wp\/v2\/posts\/121453\/revisions"}],"predecessor-version":[{"id":121464,"href":"https:\/\/www.fondazionecsc.it\/en\/wp-json\/wp\/v2\/posts\/121453\/revisions\/121464"}],"wp:featuredmedia":[{"embeddable":true,"href":"https:\/\/www.fondazionecsc.it\/en\/wp-json\/wp\/v2\/media\/121393"}],"wp:attachment":[{"href":"https:\/\/www.fondazionecsc.it\/en\/wp-json\/wp\/v2\/media?parent=121453"}],"wp:term":[{"taxonomy":"category","embeddable":true,"href":"https:\/\/www.fondazionecsc.it\/en\/wp-json\/wp\/v2\/categories?post=121453"},{"taxonomy":"post_tag","embeddable":true,"href":"https:\/\/www.fondazionecsc.it\/en\/wp-json\/wp\/v2\/tags?post=121453"}],"curies":[{"name":"wp","href":"https:\/\/api.w.org\/{rel}","templated":true}]}}